{"id":1027,"date":"2022-08-24T13:51:54","date_gmt":"2022-08-24T11:51:54","guid":{"rendered":"https:\/\/farmaceuticosdesevilla.es\/consejossaludables\/?p=1027"},"modified":"2022-08-24T13:51:54","modified_gmt":"2022-08-24T11:51:54","slug":"campana-integrafarma-ii-la-importancia-del-lenguaje","status":"publish","type":"post","link":"https:\/\/www.farmaceuticosdesevilla.es\/consejossaludables\/vida-saludable\/campana-integrafarma-ii-la-importancia-del-lenguaje\/","title":{"rendered":"Campa\u00f1a IntegraFarma (II): la importancia del lenguaje"},"content":{"rendered":"<p>&nbsp;<\/p>\n<p>En nuestra vida, nos estamos comunicando constantemente y hablar es una de esas formas de comunicaci\u00f3n, para disfrutar y participar en la sociedad. Los <strong>Sistemas Aumentativos y Alternativos de Comunicaci\u00f3n (SAAC)<\/strong> son uno de los mejores medios de comunicaci\u00f3n para las personas con autismo, a trav\u00e9s de los cuales se estimula el lenguaje oral y ofrecemos un sistema de comunicaci\u00f3n inicial. Son formas de expresi\u00f3n distintas al lenguaje hablado y que tienen como objetivo aumentar (aumentativos) y\/o compensar (alternativos) las dificultades de comunicaci\u00f3n y lenguaje de muchas personas.<\/p>\n<h5>\u00bfPor qu\u00e9 poner en marcha este proyecto de concienciaci\u00f3n y visibilidad?<\/h5>\n<p>La \u201cConvenci\u00f3n de los derechos de las Personas con Discapacidad\u201d, aprobada por la ONU, recoge en sus art\u00edculos 1 y 7 el derecho a la accesibilidad universal y a la comunicaci\u00f3n con los apoyos adecuados en todos los entornos, para conseguir una participaci\u00f3n plena y efectiva y en igualdad de condiciones de todas las personas en la sociedad en la que conviven, sin barreras.<br \/>\nNuestra finalidad es la accesibilidad cognitiva y que esto sirva para concienciar a la sociedad.<\/p>\n<h5>\u00bfQue es el trastorno del espectro autista (TEA)?<\/h5>\n<p>El trastorno del espectro autista (TEA) es una condici\u00f3n del neurodesarrollo de origen neurobiol\u00f3gico que se manifiesta en los primeros a\u00f1os de vida y acompa\u00f1a a la persona toda la vida, independientemente de su buena evoluci\u00f3n. Afecta a la configuraci\u00f3n del sistema nervioso y al funcionamiento cerebral, dando lugar a dificultades en dos \u00e1reas principalmente:<strong> la comunicaci\u00f3n e interacci\u00f3n social y la flexibilidad del pensamiento y de la conducta.<\/strong><\/p>\n<p>No hay dos personas con TEA iguales, depender\u00e1 de su propio desarrollo personal y de los apoyos que pueda tener, as\u00ed como de si presenta o no discapacidad intelectual asociada y tambi\u00e9n de su nivel de desarrollo del lenguaje. Es una discapacidad <strong>invisible<\/strong>, no lleva asociado ning\u00fan rasgo f\u00edsico diferenciador, solo se manifiesta a nivel de las competencias cognitivas de la persona y del comportamiento.<\/p>\n<p>Se presenta en uno de cada 100 nacimientos. Una<strong> detecci\u00f3n precoz y una atenci\u00f3n temprana especializada<\/strong>, as\u00ed como <strong>apoyos individualizados adaptados a sus necesidades<\/strong> en los diferentes contextos y momentos de la vida, son fundamentales para mejorar su calidad de vida y conseguir el m\u00e1ximo grado de desarrollo personal. El TEA se caracteriza por la presencia de dificultades espec\u00edficas en las \u00e1reas social, comunicativa y cognitiva y las personas presentan un comportamiento e intereses repetitivos. Sin embargo, estas dificultades se presentan con<strong> diferente grado de intensidad<\/strong> a lo largo del \u201cespectro\u201d.<br \/>\nActualmente se considera que hasta un 50% de las personas pueden tener una discapacidad intelectual asociada.<br \/>\nSon pensadores visuales, procesan muy bien las im\u00e1genes.<\/p>\n<h5>Caracter\u00edsticas principales del TEA<\/h5>\n<p>Las manifestaciones cl\u00ednicas del TEA var\u00edan mucho entre las personas que lo presentan, as\u00ed como su funcionamiento intelectual y sus habilidades ling\u00fc\u00edsticas. Sin embargo, todas comparten caracter\u00edsticas en dos \u00e1reas del desarrollo y del funcionamiento personal:<\/p>\n<ul>\n<li>La comunicaci\u00f3n e interacci\u00f3n social: <strong>dificultad tanto a nivel de comprensi\u00f3n como de expresi\u00f3n<\/strong>. Algunas personas tienen habilidades ling\u00fc\u00edsticas adecuadas, pero tienen dificultad para utilizarlas en una comunicaci\u00f3n rec\u00edproca. Otras no emplean lenguaje verbal y requieren el apoyo del <strong>Sistema Alternativo y\/o Aumentativo de Comunicaci\u00f3n<\/strong> (SAAC), que sustituye y apoya al lenguaje oral.<\/li>\n<li>Flexibilidad de comportamiento y de pensamiento: La adaptaci\u00f3n a los c<strong>ambios o a situaciones imprevistas<\/strong> puede suponer un gran esfuerzo y generarles ansiedad y angustia.<\/li>\n<li>Algunas personas con TEA presentan alteraciones en el procesamiento de los est\u00edmulos sensoriales, manifiestan malestar intenso ante determinados sonidos, olores o texturas. Tambi\u00e9n presentan un inter\u00e9s inusual en aspectos sensoriales del entorno (insistencia en oler y tocar determinadas cosas), fascinaci\u00f3n por las luces, objetos brillantes o que giran y presentan una indiferencia aparente al dolor o la temperatura.<\/li>\n<li>Muestran <strong>limitaciones de empat\u00eda<\/strong> y de reciprocidad socio-emocional.<\/li>\n<li>Limitado inter\u00e9s para compartir con los dem\u00e1s sus intereses.<\/li>\n<li>Falta de contacto con el entorno.<\/li>\n<li>Movimientos estereotipados.<\/li>\n<li>Anomal\u00edas en la emisi\u00f3n, forma y contenido del lenguaje.<\/li>\n<li>No comunicaci\u00f3n verbal.<\/li>\n<li>Insistencia en el seguimiento de rutinas, tienden a seguir una rutina poco flexible.<\/li>\n<li>En caso de situaciones de estr\u00e9s (m\u00e9dico, dentista\u2026) y de cambios de rutina sin ser anticipados, puede desembocar en una conducta disruptiva.<\/li>\n<li>Alteraci\u00f3n en relaciones sociales.<\/li>\n<li>Alteraci\u00f3n en la comunicaci\u00f3n: gran variabilidad dentro de esta \u00e1rea, desde personas que no desarrollan ning\u00fan lenguaje hablado, personas que muestran un lenguaje repetitivo y poco funcional, hasta personas que con buen lenguaje formal lo utilizan de forma desajustada.<\/li>\n<li>Alteraci\u00f3n en el lenguaje.<\/li>\n<\/ul>\n<h5>Capacidades de las personas con TEA<\/h5>\n<p>Tambi\u00e9n se asocian una serie de capacidades en las personas que forman parte de este colectivo, tales como:<\/p>\n<ul>\n<li>Meticulosidad<\/li>\n<li>Curiosidad por temas muy espec\u00edficos<\/li>\n<li>Conocimientos muy especializados sobre temas de su inter\u00e9s<\/li>\n<li>Sinceridad<\/li>\n<li>Honestidad<\/li>\n<li>Respeto y cumplimiento de las reglas establecidas<\/li>\n<li>Atenci\u00f3n por los detalles<\/li>\n<li>Buena adaptaci\u00f3n y seguimiento de las rutinas<\/li>\n<li>Buenas competencias en tareas mec\u00e1nicas y repetitivas<\/li>\n<li>Tendencia a ser muy l\u00f3gicas<\/li>\n<li>Capacidad para escuchar sin perjuicios<\/li>\n<\/ul>\n<h5>Personas beneficiadas con este proyecto<\/h5>\n<ul>\n<li><strong>Personas con autismo, par\u00e1lisis cerebral, discapacidad intelectual, s\u00edndrome de Down, discapacidad auditiva&#8230;<\/strong><\/li>\n<li>Personas con problemas de comunicaci\u00f3n o comprensi\u00f3n.<\/li>\n<li>Personas con<strong> afasia <\/strong>(debida a un ictus)<\/li>\n<li>Personas con enfermedades neurol\u00f3gicas como la esclerosis lateral amiotrofica (ELA), esclerosis m\u00faltiple(EM), Parkinson, distrofias musculares&#8230;.<\/li>\n<li>Personas extranjeras que no entienden el castellano.<\/li>\n<li>Personas mayores que no sepan leer.<\/li>\n<\/ul>\n<h5>Retos y objetivos<\/h5>\n<ul>\n<li>Crear entornos inclusivos.<\/li>\n<li>Mejorar su autonom\u00eda.<\/li>\n<li>Aumentar su autoestima.<\/li>\n<li>Favorecer la comunicaci\u00f3n.<\/li>\n<li>Favorecer la seguridad personal.<\/li>\n<li>Disminuir la ansiedad.<\/li>\n<li>Proporcionar predictibilidad.<\/li>\n<\/ul>\n","protected":false},"excerpt":{"rendered":"<p>&nbsp; En nuestra vida, nos estamos comunicando constantemente y hablar es una de esas formas de comunicaci\u00f3n, para disfrutar y participar en la sociedad. Los Sistemas Aumentativos y Alternativos de  [&#8230;]<\/p>\n","protected":false},"author":39,"featured_media":1028,"comment_status":"closed","ping_status":"closed","sticky":false,"template":"","format":"standard","meta":{"footnotes":""},"categories":[10],"tags":[358,360,361,362,359],"class_list":["post-1027","post","type-post","status-publish","format-standard","has-post-thumbnail","hentry","category-vida-saludable","tag-autismo","tag-comunicacion","tag-discapacidad-intelectual","tag-enfermedades-neurologicas","tag-pictogramas"],"_links":{"self":[{"href":"https:\/\/www.farmaceuticosdesevilla.es\/consejossaludables\/wp-json\/wp\/v2\/posts\/1027","targetHints":{"allow":["GET"]}}],"collection":[{"href":"https:\/\/www.farmaceuticosdesevilla.es\/consejossaludables\/wp-json\/wp\/v2\/posts"}],"about":[{"href":"https:\/\/www.farmaceuticosdesevilla.es\/consejossaludables\/wp-json\/wp\/v2\/types\/post"}],"author":[{"embeddable":true,"href":"https:\/\/www.farmaceuticosdesevilla.es\/consejossaludables\/wp-json\/wp\/v2\/users\/39"}],"replies":[{"embeddable":true,"href":"https:\/\/www.farmaceuticosdesevilla.es\/consejossaludables\/wp-json\/wp\/v2\/comments?post=1027"}],"version-history":[{"count":3,"href":"https:\/\/www.farmaceuticosdesevilla.es\/consejossaludables\/wp-json\/wp\/v2\/posts\/1027\/revisions"}],"predecessor-version":[{"id":1039,"href":"https:\/\/www.farmaceuticosdesevilla.es\/consejossaludables\/wp-json\/wp\/v2\/posts\/1027\/revisions\/1039"}],"wp:featuredmedia":[{"embeddable":true,"href":"https:\/\/www.farmaceuticosdesevilla.es\/consejossaludables\/wp-json\/wp\/v2\/media\/1028"}],"wp:attachment":[{"href":"https:\/\/www.farmaceuticosdesevilla.es\/consejossaludables\/wp-json\/wp\/v2\/media?parent=1027"}],"wp:term":[{"taxonomy":"category","embeddable":true,"href":"https:\/\/www.farmaceuticosdesevilla.es\/consejossaludables\/wp-json\/wp\/v2\/categories?post=1027"},{"taxonomy":"post_tag","embeddable":true,"href":"https:\/\/www.farmaceuticosdesevilla.es\/consejossaludables\/wp-json\/wp\/v2\/tags?post=1027"}],"curies":[{"name":"wp","href":"https:\/\/api.w.org\/{rel}","templated":true}]}}