{"id":234,"date":"2020-05-26T08:17:20","date_gmt":"2020-05-26T08:17:20","guid":{"rendered":"https:\/\/desarrollo.farmaceuticosdesevilla.es\/consejossaludables\/?p=234"},"modified":"2022-03-10T08:57:27","modified_gmt":"2022-03-10T08:57:27","slug":"conoces-la-enfermedad-celiaca-que-sucede-si-no-realizas-correctamente-la-dieta-sin-gluten","status":"publish","type":"post","link":"https:\/\/www.farmaceuticosdesevilla.es\/consejossaludables\/nutricion-y-dietetica\/conoces-la-enfermedad-celiaca-que-sucede-si-no-realizas-correctamente-la-dieta-sin-gluten\/","title":{"rendered":"\u00bfConoces la enfermedad cel\u00edaca? \u00bfQu\u00e9 sucede si no realizas correctamente la dieta sin gluten?"},"content":{"rendered":"<p><em>En Espa\u00f1a, cada 27 de mayo se celebra el D\u00eda Nacional del Celiaco. Una fecha que la Federaci\u00f3n de Asociaciones de Cel\u00edacos en Espa\u00f1a (FACE) quiso marcar en el calendario con el fin dar visibilidad y apoyo a las personas celiacas con la intenci\u00f3n de normalizar la vida del colectivo. \u00bfCu\u00e1l es el origen de esta enfermedad? \u00bfQu\u00e9 provoca? \u00bfCu\u00e1les son los s\u00edntomas? \u00bfQu\u00e9 tratamiento existe? Te damos unas claves para ofrecer un consejo sanitario m\u00e1s completo desde la farmacia.<\/em><\/p>\n<p><strong>Enfermedad cel\u00edaca, celiaqu\u00eda y\/ o intolerancia al gluten, \u00bfes la misma enfermedad?<\/strong><\/p>\n<p>La\u00a0Enfermedad Celiaca\u00a0(EC), tambi\u00e9n conocida como celiaqu\u00eda o intolerancia al gluten es una\u00a0enfermedad multisist\u00e9mica con base autoinmune\u00a0provocada por el gluten y prolaminas relacionadas,\u00a0en individuos gen\u00e9ticamente susceptibles, y se caracteriza por la presencia de una combinaci\u00f3n variable de: manifestaciones cl\u00ednicas dependientes del gluten, anticuerpos espec\u00edficos de EC, haplotipos HLA DQ2 o DQ8 y enteropat\u00eda.<\/p>\n<p><strong>\u00bfQu\u00e9 es el gluten?<\/strong><\/p>\n<p>El factor central que define la EC es la hipersensibilidad a una sustancia es el gluten. El gluten es una prote\u00edna amorfa que se encuentra en la semilla de muchos cereales como son el trigo, cebada, centeno, triticale, espelta (que contiene gluten aunque es mejor tolerada),avena ( aunque no hay unanimidad de criterio para determinar si esta \u00faltima es t\u00f3xica o no para los cel\u00edacos) as\u00ed como sus h\u00edbridos y derivados.<\/p>\n<p><strong>\u00bfCu\u00e1ntos tipos de enfermedad cel\u00edaca, celiaqu\u00eda o intolerancia al gluten existen?<\/strong><\/p>\n<p>En esta enfermedad no hay grados, es decir, eres o no eres cel\u00edaco.\u00a0Un porcentaje importante de pacientes (75%) est\u00e1n sin diagnosticar\u00a0debido, en su mayor parte, a que la EC durante a\u00f1os se ha relacionado, exclusivamente, con su forma cl\u00e1sica de presentaci\u00f3n cl\u00ednica. Sin embargo, el reconocimiento de otras formas at\u00edpicas ha permitido poner de manifiesto la existencia de diferentes tipos de EC:<\/p>\n<p><img decoding=\"async\" class=\"size-full wp-image-235 aligncenter\" src=\"https:\/\/www.farmaceuticosdesevilla.es\/consejossaludables\/wp-content\/uploads\/sites\/3\/2022\/03\/1590493369-captura-de-pantalla-2020-05-26-a-las-13.37.45.png\" alt=\"\" width=\"620\" height=\"369\" srcset=\"https:\/\/www.farmaceuticosdesevilla.es\/consejossaludables\/wp-content\/uploads\/sites\/3\/2022\/03\/1590493369-captura-de-pantalla-2020-05-26-a-las-13.37.45-200x119.png 200w, https:\/\/www.farmaceuticosdesevilla.es\/consejossaludables\/wp-content\/uploads\/sites\/3\/2022\/03\/1590493369-captura-de-pantalla-2020-05-26-a-las-13.37.45-300x179.png 300w, https:\/\/www.farmaceuticosdesevilla.es\/consejossaludables\/wp-content\/uploads\/sites\/3\/2022\/03\/1590493369-captura-de-pantalla-2020-05-26-a-las-13.37.45-400x238.png 400w, https:\/\/www.farmaceuticosdesevilla.es\/consejossaludables\/wp-content\/uploads\/sites\/3\/2022\/03\/1590493369-captura-de-pantalla-2020-05-26-a-las-13.37.45-600x357.png 600w, https:\/\/www.farmaceuticosdesevilla.es\/consejossaludables\/wp-content\/uploads\/sites\/3\/2022\/03\/1590493369-captura-de-pantalla-2020-05-26-a-las-13.37.45.png 620w\" sizes=\"(max-width: 620px) 100vw, 620px\" \/><\/p>\n<div><strong>&#8211; Sintom\u00e1tica:\u00a0<\/strong>Los s\u00edntomas son muy diversos, pero todos los pacientes mostrar\u00e1n una serolog\u00eda, histolog\u00eda y test gen\u00e9ticos compatibles con la EC.<\/div>\n<div><\/div>\n<div><strong>&#8211; Subcl\u00ednica:<\/strong>\u00a0En este caso no existir\u00e1n s\u00edntomas ni signos, aunque s\u00ed ser\u00e1n positivas el resto de las pruebas diagn\u00f3sticas.<\/div>\n<div>Latente: Son pacientes que, en un momento determinado, consumiendo gluten, no tienen s\u00edntomas y la mucosa intestinal es normal.<\/div>\n<div><\/div>\n<div><strong>&#8211; Potencial:<\/strong>\u00a0Estas personas nunca han presentado una biopsia compatible con la EC pero, del mismo modo que los grupos anteriores, poseen una predisposici\u00f3n gen\u00e9tica determinada por la positividad del HLA-DQ2\/DQ8. Aunque la serolog\u00eda puede ser negativa, presentan un aumento en el n\u00famero de linfocitos intraepiteliales.<\/div>\n<div><\/div>\n<div><strong>\u00bfCu\u00e1les son los s\u00edntomas de la enfermedad cel\u00edaca?<\/strong><\/div>\n<div><\/div>\n<div>Hay diferentes s\u00edntomas dependiendo de la edad: infancia, adolescencia y adulto. Pero los s\u00edntomas m\u00e1s frecuentes son: p\u00e9rdida de peso, p\u00e9rdida de apetito, fatiga, n\u00e1useas, v\u00f3mitos, diarrea, distensi\u00f3n abdominal, p\u00e9rdida de masa muscular, retraso del crecimiento, alteraciones del car\u00e1cter (irritabilidad, apat\u00eda, introversi\u00f3n, tristeza), dolores abdominales, meteorismo, anemia por d\u00e9ficit de hierro resistentes a tratamiento. Sin embargo, tanto en el ni\u00f1o como en el adulto, los s\u00edntomas pueden ser at\u00edpicos o estar ausentes, dificultando el diagn\u00f3stico.<\/div>\n<div><\/div>\n<div><strong>\u00bfC\u00f3mo se diagnostica la enfermedad cel\u00edaca?<\/strong><\/div>\n<div><\/div>\n<div>Para confirmar el diagn\u00f3stico de la enfermedad Cel\u00edaca \u00a0es necesario que al menos cuatro de los siguientes marcadores sean positivos:<\/div>\n<div><\/div>\n<div><strong>&#8211; Sospecha cl\u00ednica:<\/strong>\u00a0Valorar la existencia de s\u00edntomas y\/o signos de la enfermedad<\/div>\n<div><\/div>\n<div><strong>&#8211; Serolog\u00eda:<\/strong>\u00a0Anal\u00edtica de sangre, que incluya los marcadores serol\u00f3gicos de enfermedad cel\u00edaca (anticuerpos antigliadina, antiendomisio y antitransglutaminasa tisular)<\/div>\n<div><\/div>\n<div><strong>&#8211; Pruebas gen\u00e9ticas:<\/strong>\u00a0Casi la totalidad de los pacientes cel\u00edacos son HLA-DQ2 o HLA-DQ8 positivos. Pero la gen\u00e9tica por s\u00ed sola no confirma la enfermedad.<\/div>\n<div><\/div>\n<div><strong>&#8211; Biopsia duodeno yeyunal:<\/strong>\u00a0Dicha biopsia consiste en la extracci\u00f3n de una muestra de tejido del intestino delgado superior para ver si est\u00e1 o no da\u00f1ado. Para realizar esta prueba es necesario que NO se haya retirado el gluten de la dieta.<\/div>\n<div><\/div>\n<div><strong>&#8211; Dieta sin gluten:\u00a0<\/strong>Debe realizarse un seguimiento para corroborar que se produce mejor\u00eda tras eliminar el gluten de la dieta por completo. La mejor\u00eda suele ser inmediata aunque la recuperaci\u00f3n intestinal es m\u00e1s lenta<\/div>\n<div><\/div>\n<div><strong>\u00bfQu\u00e9 puede comer una persona cel\u00edaca?<\/strong><\/div>\n<div><\/div>\n<div>Este apartado, es sin duda, uno de los m\u00e1s importantes Una persona que presente dicha enfermedad tiene que saber qu\u00e9 puede y qu\u00e9 no puede comer porque es el \u00fanico tratamiento que existe una vez diagnosticada la enfermedad.<\/div>\n<div><\/div>\n<div>A continuaci\u00f3n, se muestra qu\u00e9 alimentos est\u00e1n libres de gluten, cuales pueden contenerlo y qu\u00e9 alimentos lo tienen.<\/div>\n<div><\/div>\n<div><img decoding=\"async\" class=\"size-full wp-image-236 aligncenter\" src=\"https:\/\/www.farmaceuticosdesevilla.es\/consejossaludables\/wp-content\/uploads\/sites\/3\/2022\/03\/1590495983-captura-de-pantalla.png\" alt=\"\" width=\"478\" height=\"552\" srcset=\"https:\/\/www.farmaceuticosdesevilla.es\/consejossaludables\/wp-content\/uploads\/sites\/3\/2022\/03\/1590495983-captura-de-pantalla-200x231.png 200w, https:\/\/www.farmaceuticosdesevilla.es\/consejossaludables\/wp-content\/uploads\/sites\/3\/2022\/03\/1590495983-captura-de-pantalla-260x300.png 260w, https:\/\/www.farmaceuticosdesevilla.es\/consejossaludables\/wp-content\/uploads\/sites\/3\/2022\/03\/1590495983-captura-de-pantalla-400x462.png 400w, https:\/\/www.farmaceuticosdesevilla.es\/consejossaludables\/wp-content\/uploads\/sites\/3\/2022\/03\/1590495983-captura-de-pantalla.png 478w\" sizes=\"(max-width: 478px) 100vw, 478px\" \/><\/div>\n<div>\n<div><strong>Bibliograf\u00eda:<\/strong><\/div>\n<div><\/div>\n<div>Celiacos.org. 2020. Clasificaci\u00f3n De Los Alimentos Aptos Para Personas Celiacas 2020. [online] Available at:\u00a0<a href=\"https:\/\/celiacos.org\/wp-content\/uploads\/2020\/02\/Clasificaci%C3%B3n-de-los-alimentos-sin-gluten-2020.pdf\" target=\"_blank\" rel=\"noopener\">https:\/\/celiacos.org\/wp-content\/uploads\/2020\/02\/Clasificaci%C3%B3n-de-los-alimentos-sin-gluten-2020.pdf<\/a>\u00a0[Accessed 19 May 2020].<\/div>\n<div><\/div>\n<div>Celiacos.org. 2020. Clasificaci\u00f3n De Los Alimentos Aptos Para Personas Celiacas 2020. [online] Available at:\u00a0<a href=\"https:\/\/celiacos.org\/wp-content\/uploads\/2020\/02\/Clasificaci%C3%B3n-de-los-alimentos-sin-gluten-2020.pdf\" target=\"_blank\" rel=\"noopener\">https:\/\/celiacos.org\/wp-content\/uploads\/2020\/02\/Clasificaci%C3%B3n-de-los-alimentos-sin-gluten-2020.pdf<\/a>\u00a0[Accessed 19 May 2020].<\/div>\n<\/div>\n","protected":false},"excerpt":{"rendered":"<p>En Espa\u00f1a, cada 27 de mayo se celebra el D\u00eda Nacional del Celiaco. Una fecha que la Federaci\u00f3n de Asociaciones de Cel\u00edacos en Espa\u00f1a (FACE) quiso marcar en el calendario  [&#8230;]<\/p>\n","protected":false},"author":24,"featured_media":237,"comment_status":"open","ping_status":"open","sticky":false,"template":"","format":"standard","meta":{"footnotes":""},"categories":[4],"tags":[179,180],"class_list":["post-234","post","type-post","status-publish","format-standard","has-post-thumbnail","hentry","category-nutricion-y-dietetica","tag-alimentacion","tag-persona-celiaca"],"_links":{"self":[{"href":"https:\/\/www.farmaceuticosdesevilla.es\/consejossaludables\/wp-json\/wp\/v2\/posts\/234","targetHints":{"allow":["GET"]}}],"collection":[{"href":"https:\/\/www.farmaceuticosdesevilla.es\/consejossaludables\/wp-json\/wp\/v2\/posts"}],"about":[{"href":"https:\/\/www.farmaceuticosdesevilla.es\/consejossaludables\/wp-json\/wp\/v2\/types\/post"}],"author":[{"embeddable":true,"href":"https:\/\/www.farmaceuticosdesevilla.es\/consejossaludables\/wp-json\/wp\/v2\/users\/24"}],"replies":[{"embeddable":true,"href":"https:\/\/www.farmaceuticosdesevilla.es\/consejossaludables\/wp-json\/wp\/v2\/comments?post=234"}],"version-history":[{"count":1,"href":"https:\/\/www.farmaceuticosdesevilla.es\/consejossaludables\/wp-json\/wp\/v2\/posts\/234\/revisions"}],"predecessor-version":[{"id":238,"href":"https:\/\/www.farmaceuticosdesevilla.es\/consejossaludables\/wp-json\/wp\/v2\/posts\/234\/revisions\/238"}],"wp:featuredmedia":[{"embeddable":true,"href":"https:\/\/www.farmaceuticosdesevilla.es\/consejossaludables\/wp-json\/wp\/v2\/media\/237"}],"wp:attachment":[{"href":"https:\/\/www.farmaceuticosdesevilla.es\/consejossaludables\/wp-json\/wp\/v2\/media?parent=234"}],"wp:term":[{"taxonomy":"category","embeddable":true,"href":"https:\/\/www.farmaceuticosdesevilla.es\/consejossaludables\/wp-json\/wp\/v2\/categories?post=234"},{"taxonomy":"post_tag","embeddable":true,"href":"https:\/\/www.farmaceuticosdesevilla.es\/consejossaludables\/wp-json\/wp\/v2\/tags?post=234"}],"curies":[{"name":"wp","href":"https:\/\/api.w.org\/{rel}","templated":true}]}}