{"id":459,"date":"2020-02-11T12:41:31","date_gmt":"2020-02-11T12:41:31","guid":{"rendered":"https:\/\/desarrollo.farmaceuticosdesevilla.es\/consejossaludables\/?p=459"},"modified":"2022-03-10T09:47:47","modified_gmt":"2022-03-10T09:47:47","slug":"como-utilizar-mi-vacuna-sublingual-para-la-alergia","status":"publish","type":"post","link":"https:\/\/www.farmaceuticosdesevilla.es\/consejossaludables\/uso-correcto-de-medicamentos\/como-utilizar-mi-vacuna-sublingual-para-la-alergia\/","title":{"rendered":"C\u00f3mo utilizar mi vacuna sublingual para la alergia"},"content":{"rendered":"<p><em>La Inmunoterapia es un tratamiento que lleva utiliz\u00e1ndose hace m\u00e1s de 100 a\u00f1os en todo el mundo. Su mecanismo de acci\u00f3n es \u201cactuando contra la causa\u201d que produce la alergia, para que cuando el paciente se ponga de nuevo en contacto con el al\u00e9rgeno causante no sufra los s\u00edntomas de la alergia.<\/em><\/p>\n<div class=\"box-paragraph paragraph-image\">\n<div id=\"text_block1\" class=\"text-block\">\n<div>\n<div>Las<strong>\u00a0vacunas alerg\u00e9nicas<\/strong>\u00a0se llaman tambi\u00e9n<strong>\u00a0vacunas individualizadas<\/strong>\u00a0porque cada paciente tiene una alergia diferente y<strong>\u00a0se fabrican \u201ca medida\u201d<\/strong>\u00a0para \u00e9l. Las primeras vacunas eran inyectadas, que son m\u00e1s engorrosas de administrar, pero hoy en d\u00eda las<strong>\u00a0recientes f\u00f3rmulas sublinguales<\/strong>\u00a0salvan este inconveniente. Adem\u00e1s, al tratarse de especialidades autorizadas por la Agencia Espa\u00f1ola del Medicamento, cuentan con los estudios de eficacia y seguridad exigidos antes de su comercializaci\u00f3n.<\/div>\n<div><\/div>\n<div>En mayo de 2017, la\u00a0<strong><a href=\"https:\/\/www.gemasma.com\/\" target=\"_blank\" rel=\"noopener\">GEMA\u00a0<\/a><\/strong>(Gu\u00eda Espa\u00f1ola para el Manejo del Asma), recomienda por primera vez para el\u00a0<strong>tratamiento al\u00e9rgico del asma por \u00e1caros la administraci\u00f3n de un tratamiento de Inmunoterapia sublingual<\/strong>\u00a0registrado como medicamento. En Espa\u00f1a la alergia m\u00e1s frecuente es a las gram\u00edneas y la segunda la alergia a \u00e1caros dom\u00e9sticos.<\/div>\n<div><\/div>\n<div>\n<ul>\n<li>Los\u00a0<strong>liofilizados orales de administraci\u00f3n sublingual se colocan debajo de la lengua<\/strong>. Se disuelven en menos de 3 segundos, por lo que suelen usarse en ni\u00f1os ya que se disuelven sin necesidad de ser tragados.<\/li>\n<li><strong>Es importante cogerlo con las manos secas<\/strong>\u00a0porque el comprimido se altera con la humedad.<\/li>\n<li><strong>Su administraci\u00f3n es diaria<\/strong>. Algunos medicamentos tienen fase de inicio (tres d\u00edas en los que se van aumentando la dosis) y otros no. Tu farmac\u00e9utico te ense\u00f1ar\u00e1 a hacer un uso correcto de ellos.<\/li>\n<li><strong>Se recomienda tomar el primer liofilizado oral bajo supervisi\u00f3n m\u00e9dica<\/strong>\u00a0(20-30 minutos), con el fin de permitir que el paciente y el m\u00e9dico puedan comentar cualquier reacci\u00f3n adversa y las posibles medidas a tomar. A partir de entonces se har\u00e1 en el domicilio del paciente.<\/li>\n<li><strong>Se debe tomar en ayunas<\/strong>, antes de desayunar es el momento ideal. A los 5 minutos ya se puede comer y beber.<\/li>\n<li><strong>Puede producir picor oral<\/strong>, es el efecto adverso m\u00e1s frecuente que suele desaparecer en pocos d\u00edas. No debe administrarse en caso de heridas en la boca.<\/li>\n<\/ul>\n<\/div>\n<div><strong>En tu farmacia estamos para ayudarte<\/strong> a incorporar estos nuevos medicamentos a tu vida de la mejor forma posible, ven cuando quieras a preguntar todo lo que necesites saber, no te quedes con dudas. Te esperamos.<\/div>\n<\/div>\n<\/div>\n<\/div>\n<div class=\"box-paragraph paragraph-image\">\n<h4 id=\"title-block2\" class=\"titleBlock greenB\">Referencias<\/h4>\n<div id=\"text_block2\" class=\"text-block\">\n<div>\n<ul>\n<li>Fiandor Rom\u00e1n, A. Olalde S\u00e1nchez, S: \u201cInmunoterapia con al\u00e9rgenos\u201d. Inf. Ter. Sist. Nac. Salud 2008; 32: 39-44.<\/li>\n<li>Moreno C, Justicia JL, Quiralte J, Moreno-Ancillo A, Iglesias-Cardarso A, Torrecillas M et al. Olive, grass or both? Molecular diagnostic for the allergen immunotherapy selection in polysensibitized pollinic patients. Allergy 2014; 69: 1357-1363.<\/li>\n<li>Durham SR, Emminger W, Kapp A, de Monchy JG, Rak S, Scadding GK, et al. SQ-standardized sublingual Grass immunotherapy: confirmation of disease modification 2 year after 3 years of treatment in a randomized trial. J. Allergy Clin Immunol 2012; 129-717-26.<\/li>\n<li>https:\/\/www.gemasma.com\/nueva-seccion-en-el-blog-gema-dedicada-a-la-inmunoterapia\/<\/li>\n<\/ul>\n<\/div>\n<\/div>\n<\/div>\n","protected":false},"excerpt":{"rendered":"<p>La Inmunoterapia es un tratamiento que lleva utiliz\u00e1ndose hace m\u00e1s de 100 a\u00f1os en todo el mundo. Su mecanismo de acci\u00f3n es \u201cactuando contra la causa\u201d que produce la alergia,  [&#8230;]<\/p>\n","protected":false},"author":21,"featured_media":460,"comment_status":"open","ping_status":"open","sticky":false,"template":"","format":"standard","meta":{"footnotes":""},"categories":[9],"tags":[72,25,14,17,265,266,94],"class_list":["post-459","post","type-post","status-publish","format-standard","has-post-thumbnail","hentry","category-uso-correcto-de-medicamentos","tag-farmaceutico","tag-farmacia","tag-invierno","tag-primavera","tag-sublingual","tag-urticaria","tag-vacunas"],"_links":{"self":[{"href":"https:\/\/www.farmaceuticosdesevilla.es\/consejossaludables\/wp-json\/wp\/v2\/posts\/459","targetHints":{"allow":["GET"]}}],"collection":[{"href":"https:\/\/www.farmaceuticosdesevilla.es\/consejossaludables\/wp-json\/wp\/v2\/posts"}],"about":[{"href":"https:\/\/www.farmaceuticosdesevilla.es\/consejossaludables\/wp-json\/wp\/v2\/types\/post"}],"author":[{"embeddable":true,"href":"https:\/\/www.farmaceuticosdesevilla.es\/consejossaludables\/wp-json\/wp\/v2\/users\/21"}],"replies":[{"embeddable":true,"href":"https:\/\/www.farmaceuticosdesevilla.es\/consejossaludables\/wp-json\/wp\/v2\/comments?post=459"}],"version-history":[{"count":1,"href":"https:\/\/www.farmaceuticosdesevilla.es\/consejossaludables\/wp-json\/wp\/v2\/posts\/459\/revisions"}],"predecessor-version":[{"id":461,"href":"https:\/\/www.farmaceuticosdesevilla.es\/consejossaludables\/wp-json\/wp\/v2\/posts\/459\/revisions\/461"}],"wp:featuredmedia":[{"embeddable":true,"href":"https:\/\/www.farmaceuticosdesevilla.es\/consejossaludables\/wp-json\/wp\/v2\/media\/460"}],"wp:attachment":[{"href":"https:\/\/www.farmaceuticosdesevilla.es\/consejossaludables\/wp-json\/wp\/v2\/media?parent=459"}],"wp:term":[{"taxonomy":"category","embeddable":true,"href":"https:\/\/www.farmaceuticosdesevilla.es\/consejossaludables\/wp-json\/wp\/v2\/categories?post=459"},{"taxonomy":"post_tag","embeddable":true,"href":"https:\/\/www.farmaceuticosdesevilla.es\/consejossaludables\/wp-json\/wp\/v2\/tags?post=459"}],"curies":[{"name":"wp","href":"https:\/\/api.w.org\/{rel}","templated":true}]}}