{"id":66,"date":"2017-11-20T10:58:32","date_gmt":"2017-11-20T10:58:32","guid":{"rendered":"https:\/\/desarrollo.farmaceuticosdesevilla.es\/consejossaludables\/?p=66"},"modified":"2022-03-10T08:31:32","modified_gmt":"2022-03-10T08:31:32","slug":"la-dermatitis-atopica-y-el-miedo-a-los-corticoides-corticofobia","status":"publish","type":"post","link":"https:\/\/www.farmaceuticosdesevilla.es\/consejossaludables\/dermofarmacia\/la-dermatitis-atopica-y-el-miedo-a-los-corticoides-corticofobia\/","title":{"rendered":"La dermatitis at\u00f3pica y el miedo a los corticoides: corticofobia"},"content":{"rendered":"<p><em>Si han diagnosticado a tu hijo dermatitis at\u00f3pica y te da miedo aplicarle en las lesiones los corticoides que le han prescrito, no te preocupes, es normal. En este post vamos a ayudarte a que le pierdas el miedo irracional a estos medicamentos que, usados convenientemente, ser\u00e1n tus aliados para espaciar y minimizar los da\u00f1os y que tu hijo no sea un adulto con una dermatitis at\u00f3pica rebelde donde tenga, desgraciadamente, que usar medicamentos menos seguros.<\/em><\/p>\n<div>Los corticoides tienen muy mala prensa por los efectos secundarios que se les atribuyen (descalcificaci\u00f3n, retraso en el crecimiento, estr\u00edas, despigmentaci\u00f3n, etc.), pero son m\u00e1s seguros de lo que parece.<\/div>\n<div><\/div>\n<div>Es muy improbable que el corticoide empleado para la dermatitis at\u00f3pica en brotes, s\u00f3lo en las lesiones, usando uno adecuado a la intensidad y con el margen de seguridad correspondiente, y sobre todo,\u00a0<strong>prescritos por tu m\u00e9dico<\/strong>, pueda producir ning\u00fan problema.<\/div>\n<div><\/div>\n<div>Se suelen emplear\u00a0<strong>una vez al d\u00eda<\/strong>\u00a0y cuando la piel vuelve a estar sana suelen retirarse, pero es importante aplicarlos con la\u00a0<strong>cantidad adecuada<\/strong>\u00a0(solemos ser bastante &#8216;r\u00e1canos&#8217; por el miedo que nos da) y\u00a0<strong>hasta que la piel est\u00e9 intacta<\/strong>\u00a0(seguro que ocurrir\u00e1 bastante antes de las dos semanas) porque estamos con ellos volviendo a construir un muro (la piel) que deteriorado es entrada de microorganismos que pueden ser peligrosos y sustancias que pueden desencadenar alergias.<\/div>\n<div><\/div>\n<div>Cuando la piel est\u00e9 mejorando o entre brotes es posible que el m\u00e9dico te recomiende\u00a0<strong>inhibidores de la calcineurina (tacrolimus o pimecr\u00f3limus)<\/strong>. \u00dasalos tambi\u00e9n como te indique, son igualmente seguros y su empleo aumentar\u00e1 el tiempo que transcurra hasta el pr\u00f3ximo brote.<\/div>\n<div><\/div>\n<div>Por otra parte es fundamental tener claro que\u00a0<strong>en las lesiones no debemos aplicar cremas hidratantes<\/strong>\u00a0que le har\u00e1n m\u00e1s mal que bien al ni\u00f1o.\u00a0El brote no se cura con crema hidratante.<\/div>\n<div><\/div>\n<div>Y por supuesto nada de medicina alternativa ni productos milagrosos. Cuando interceptamos algunos de esos productos milagro y los analizamos, comprobamos que suelen llevar corticoides en el mejor de los casos.<\/div>\n<div><\/div>\n<div><strong>Ojo con la zona del pa\u00f1al<\/strong>, ah\u00ed hay que tener m\u00e1s cuidado porque el efecto oclusivo del pa\u00f1al multiplica la potencia del corticoide, adem\u00e1s en esa zona no suele haber brotes de dermatitis at\u00f3pica, la irritaci\u00f3n suele ser por otro motivo.<\/div>\n<div><\/div>\n<div>La dermatitis at\u00f3pica la tiene que diagnosticar y tratar un m\u00e9dico, ni tu vecino (por mucho que controle) ni determinadas p\u00e1ginas de internet deben orientarte. En la farmacia te acompa\u00f1aremos para\u00a0<a href=\"https:\/\/www.farmaceuticosdesevilla.es\/blog\/dermatitis-atopica-no-desesperes_aa625.html\">recomendarte emolientes entre brotes<\/a>, jabones y\u00a0<a href=\"https:\/\/www.farmaceuticosdesevilla.es\/blog\/los-10-mejores-consejos-para-aliviar-tu-dermatitis-atopica_aa641.html\">otros consejos<\/a>. Si sigues teniendo miedo y dudas, acude a tu farmacia, p\u00eddeles una cita para acudir a la ZAP (Zona de Atenci\u00f3n Personalizada) y cu\u00e9ntale abiertamente todo lo que te preocupa. Ellos te explicar\u00e1n la relaci\u00f3n que hay entre los efectos secundarios de los corticoides y la dosis, zona de aplicaci\u00f3n, potencia y concentraci\u00f3n del mismo y dem\u00e1s dudas que tengas.<\/div>\n<div><\/div>\n<div>La dermatitis at\u00f3pica es una carrera de fondo, pero t\u00fa tienes el amor y la paciencia necesaria para ir espaciando los brotes con la ayuda de tu m\u00e9dico, farmac\u00e9utico y enfermero para que tu hijo sea un adulto sano y feliz.<\/div>\n","protected":false},"excerpt":{"rendered":"<p>Si han diagnosticado a tu hijo dermatitis at\u00f3pica y te da miedo aplicarle en las lesiones los corticoides que le han prescrito, no te preocupes, es normal. En este post  [&#8230;]<\/p>\n","protected":false},"author":29,"featured_media":67,"comment_status":"open","ping_status":"open","sticky":false,"template":"","format":"standard","meta":{"footnotes":""},"categories":[2],"tags":[69,23,24,12,42],"class_list":["post-66","post","type-post","status-publish","format-standard","has-post-thumbnail","hentry","category-dermofarmacia","tag-corticoides","tag-dermatitis","tag-dermatitis-atopica","tag-dermofarmacia","tag-reacciones-adversas"],"_links":{"self":[{"href":"https:\/\/www.farmaceuticosdesevilla.es\/consejossaludables\/wp-json\/wp\/v2\/posts\/66","targetHints":{"allow":["GET"]}}],"collection":[{"href":"https:\/\/www.farmaceuticosdesevilla.es\/consejossaludables\/wp-json\/wp\/v2\/posts"}],"about":[{"href":"https:\/\/www.farmaceuticosdesevilla.es\/consejossaludables\/wp-json\/wp\/v2\/types\/post"}],"author":[{"embeddable":true,"href":"https:\/\/www.farmaceuticosdesevilla.es\/consejossaludables\/wp-json\/wp\/v2\/users\/29"}],"replies":[{"embeddable":true,"href":"https:\/\/www.farmaceuticosdesevilla.es\/consejossaludables\/wp-json\/wp\/v2\/comments?post=66"}],"version-history":[{"count":1,"href":"https:\/\/www.farmaceuticosdesevilla.es\/consejossaludables\/wp-json\/wp\/v2\/posts\/66\/revisions"}],"predecessor-version":[{"id":68,"href":"https:\/\/www.farmaceuticosdesevilla.es\/consejossaludables\/wp-json\/wp\/v2\/posts\/66\/revisions\/68"}],"wp:featuredmedia":[{"embeddable":true,"href":"https:\/\/www.farmaceuticosdesevilla.es\/consejossaludables\/wp-json\/wp\/v2\/media\/67"}],"wp:attachment":[{"href":"https:\/\/www.farmaceuticosdesevilla.es\/consejossaludables\/wp-json\/wp\/v2\/media?parent=66"}],"wp:term":[{"taxonomy":"category","embeddable":true,"href":"https:\/\/www.farmaceuticosdesevilla.es\/consejossaludables\/wp-json\/wp\/v2\/categories?post=66"},{"taxonomy":"post_tag","embeddable":true,"href":"https:\/\/www.farmaceuticosdesevilla.es\/consejossaludables\/wp-json\/wp\/v2\/tags?post=66"}],"curies":[{"name":"wp","href":"https:\/\/api.w.org\/{rel}","templated":true}]}}